{"id":993,"date":"2012-06-15T19:59:17","date_gmt":"2012-06-15T18:59:17","guid":{"rendered":"http:\/\/www.dergaukler.de\/wordpress\/?p=993"},"modified":"2012-06-15T20:22:14","modified_gmt":"2012-06-15T19:22:14","slug":"ralf-und-seine-gauklerbande-im-oberen-schlos","status":"publish","type":"post","link":"http:\/\/www.dergaukler.de\/wordpress\/?p=993","title":{"rendered":"Ralf und seine Gauklerbande im Oberen Schlo\u00df am Samstag den 7. Juli um 16 Uhr und in Dreslers Park in Kreuztal am Sonntag den  22.07.  um 15 Uhr"},"content":{"rendered":"<p><a href=\"http:\/\/www.dergaukler.de\/wordpress\/wp-content\/uploads\/2012\/06\/PlakatGSklein1.jpg\"><img decoding=\"async\" loading=\"lazy\" class=\"alignnone size-full wp-image-997\" title=\"PlakatGSklein\" src=\"http:\/\/www.dergaukler.de\/wordpress\/wp-content\/uploads\/2012\/06\/PlakatGSklein1.jpg\" alt=\"\" width=\"279\" height=\"371\" \/><\/a><\/p>\n<p>\u201eGaukelspektakel\u201c<\/p>\n<p>Nach dem tollen Erfolg 2009 kommt 2012 Ralf und seine Gaukelbande wieder mal ins Obere Schlo\u00df. Innerhalb der Sommerreihe der Stadt Siegen wird es wieder ein buntes artistisches Programm gespiekt mit vielen Elementen aus dem Variet\u00e9bereich geben.<\/p>\n<p>Das ist aber nicht die einzige M\u00f6glichkeit sich die Gaukelbande anzusehen oder mitzumachen. Diesen Sommer wird es ebenfalls einen Termin in Kreuztal in Dreslers Park geben.<\/p>\n<p>Und falls ihr etwas dazu beitragen k\u00f6nnt und wollt (eine fertige Nummer solltet ihr schon haben), dann meldet euch bei mir!<\/p>\n<p>Ich freue mich auf Euch!!!<\/p>\n<p>&nbsp;<\/p>\n<p>Hier der Ank\u00fcndigungstext f\u00fcr das Obere Schlo\u00df in Siegen aus dem Programmheft der Stadt Siegen:<\/p>\n<p>Fr\u00fcher trieb er sein Unwesen nur mit MoRaMi auf den Wiesen des Schlossparks, doch nun kommt er mit einer Bande junger und frecher Gaukler zur\u00fcck. Die kleinen und gro\u00dfen Zuschauer k\u00f6nnen sich freuen auf eine bunte Show mit Jongleuren, Einradfahrern, waghalsiger Akrobatik und schlitzohriger Zauberei. Diese Bande hat alle Tricks auf Lager! Kunstst\u00fcck &#8211; niemand geringerer als &#8218;Ralf der Gaukler&#8216; ist ihr Anf\u00fchrer!<\/p>\n<p>&nbsp;<\/p>\n<p>Termin: Samstag, 7. Juli, 16 Uhr<\/p>\n<p>Ort: Museumswiese im Schlossgarten<\/p>\n<p>Alter: ab 4 Jahren<\/p>\n<p>Spieldauer: 60 Minuten<\/p>\n<p>&nbsp;<\/p>\n<p>Und hier der Ank\u00fcndigungstext zum Termin in Dreslers Park aus dem Programmheft der Stadt Kreuztal:<\/p>\n<p>So\u00a0 22.07.\u00a0 15 Uhr\u00a0 Dreslers Park<\/p>\n<p><strong>Ralf\u2019s Gauklerspektakel <\/strong><\/p>\n<p>Die bekannte Mitmachb\u00fchne f\u00fcr junge Nachwuchsk\u00fcnstler.<\/p>\n<p><em>Umsonst &amp; drau\u00dfen<\/em><\/p>\n<p>Am Sonntag dem 22. Juli ist es soweit: Kinder und Jugendliche im Alter von 6 \u2013 16 Jahre st\u00fcrmen Dreslers Park und werden die Herzen Ihrer Zuschauer im Sturm erobern.<\/p>\n<p>Ralf der Gaukler und seine Gauklerbande, gr\u00f6\u00dftenteils Nachwuchsk\u00fcnstler der Kreuztaler Circusschule, aber auch K\u00fcnstler aus dem Kreisgebiet, pr\u00e4sentieren in einer wilden Mischung circensische K\u00fcnste!<\/p>\n<p>Ralf der Gaukler wird in gewohnter Manier durch das kunterbunte Programm f\u00fchren.<\/p>\n<p>Vielleicht kann er ja sogar noch jemanden auf der B\u00fchne begr\u00fc\u00dfen, der kurz entschlossen zeigen m\u00f6chte, welche Talente in ihm schlummern. Denn auch das ist m\u00f6glich. Egal ob Zauberkunstst\u00fcck, Jonglage, ein Gedicht aufsagen, Akrobatik oder Gesang, bei Ralf\u00b4s Gaukelspektakel kann es f\u00fcr Dich hei\u00dfen: B\u00fchne frei!<\/p>\n<p>Aber Achtung: vor tieffliegenden Diabolos, komischen Fahrr\u00e4der die nur ein Rad haben und verschwindenden Gegenst\u00e4nden wird gewarnt!<\/p>\n<p>Ein garantierter Spa\u00df f\u00fcr die ganze Familie!<\/p>\n<p><strong>Bei ung\u00fcnstigen Witterungsbedingungen findet die Veranstaltung im Gro\u00dfen Saal der Wei\u00dfen Villa statt.<\/strong><\/p>\n","protected":false},"excerpt":{"rendered":"<p>\u201eGaukelspektakel\u201c Nach dem tollen Erfolg 2009 kommt 2012 Ralf und seine Gaukelbande wieder mal ins Obere Schlo\u00df. Innerhalb der Sommerreihe der Stadt Siegen wird es wieder ein buntes artistisches Programm gespiekt mit vielen Elementen aus dem Variet\u00e9bereich geben. Das ist aber nicht die einzige M\u00f6glichkeit sich die Gaukelbande anzusehen oder mitzumachen. Diesen Sommer wird es [&hellip;]<\/p>\n","protected":false},"author":1,"featured_media":0,"comment_status":"open","ping_status":"open","sticky":false,"template":"","format":"standard","meta":[],"categories":[3,1,6],"tags":[],"_links":{"self":[{"href":"http:\/\/www.dergaukler.de\/wordpress\/index.php?rest_route=\/wp\/v2\/posts\/993"}],"collection":[{"href":"http:\/\/www.dergaukler.de\/wordpress\/index.php?rest_route=\/wp\/v2\/posts"}],"about":[{"href":"http:\/\/www.dergaukler.de\/wordpress\/index.php?rest_route=\/wp\/v2\/types\/post"}],"author":[{"embeddable":true,"href":"http:\/\/www.dergaukler.de\/wordpress\/index.php?rest_route=\/wp\/v2\/users\/1"}],"replies":[{"embeddable":true,"href":"http:\/\/www.dergaukler.de\/wordpress\/index.php?rest_route=%2Fwp%2Fv2%2Fcomments&post=993"}],"version-history":[{"count":9,"href":"http:\/\/www.dergaukler.de\/wordpress\/index.php?rest_route=\/wp\/v2\/posts\/993\/revisions"}],"predecessor-version":[{"id":1007,"href":"http:\/\/www.dergaukler.de\/wordpress\/index.php?rest_route=\/wp\/v2\/posts\/993\/revisions\/1007"}],"wp:attachment":[{"href":"http:\/\/www.dergaukler.de\/wordpress\/index.php?rest_route=%2Fwp%2Fv2%2Fmedia&parent=993"}],"wp:term":[{"taxonomy":"category","embeddable":true,"href":"http:\/\/www.dergaukler.de\/wordpress\/index.php?rest_route=%2Fwp%2Fv2%2Fcategories&post=993"},{"taxonomy":"post_tag","embeddable":true,"href":"http:\/\/www.dergaukler.de\/wordpress\/index.php?rest_route=%2Fwp%2Fv2%2Ftags&post=993"}],"curies":[{"name":"wp","href":"https:\/\/api.w.org\/{rel}","templated":true}]}}