{"id":16,"date":"2009-01-10T15:00:10","date_gmt":"2009-01-10T14:00:10","guid":{"rendered":"http:\/\/www.dergaukler.de\/wordpress\/?p=16"},"modified":"2009-01-10T15:01:16","modified_gmt":"2009-01-10T14:01:16","slug":"nachster-termin","status":"publish","type":"post","link":"http:\/\/www.dergaukler.de\/wordpress\/?p=16","title":{"rendered":"N\u00e4chster Termin"},"content":{"rendered":"<div id=\"attachment_17\" style=\"width: 224px\" class=\"wp-caption alignright\"><img aria-describedby=\"caption-attachment-17\" decoding=\"async\" loading=\"lazy\" class=\"size-full wp-image-17  \" style=\"margin-left: 2px; margin-right: 2px;\" title=\"flyer_gs011klein\" src=\"http:\/\/www.dergaukler.de\/wordpress\/wp-content\/uploads\/2009\/01\/flyer_gs011klein-214x300.jpg\" alt=\"Ich brauche DICH!\" width=\"214\" height=\"300\" srcset=\"http:\/\/www.dergaukler.de\/wordpress\/wp-content\/uploads\/2009\/01\/flyer_gs011klein-214x300.jpg 214w, http:\/\/www.dergaukler.de\/wordpress\/wp-content\/uploads\/2009\/01\/flyer_gs011klein.jpg 574w\" sizes=\"(max-width: 214px) 100vw, 214px\" \/><p id=\"caption-attachment-17\" class=\"wp-caption-text\">Ich brauche DICH!<\/p><\/div>\n<p><span style=\"color: #ff0000;\"><strong>Am Sonntag, den 18.01.2009\u00a0 um 15:00 Uhr im L\u00ffz in Siegen<\/strong> <\/span>ist es wieder soweit! Das gaukelSpektakel zeigt seine zweite Show.<br \/>\nHierzu k\u00f6nnen sich Kinder und Jugendliche im Alter von 6 \u2013 16 Jahren anmelden, um dort Ihre Nummern zu pr\u00e4sentieren! Voraussetzung ist jedoch, Ihr habt eine eigene Nummer. Diese solltet Ihr Ralf dem Gaukler vorstellen (pers\u00f6nlich oder ein Video zuschicken)!<br \/>\nEr stellt dann aus den Vorschl\u00e4gen ein Programm zusammen und freut sich schon jetzt darauf es zu moderieren!<br \/>\nInnerhalb des Programms wird es immer auch einen speziellen Gast (z.B. aus dem L\u00ffz Kids Variet\u00e9) geben, welcher erst kurz vor Programmbeginn feststeht.<br \/>\nAlso- k\u00f6nnt Ihr irgendetwas besonderes oder habt Ihr eine Nummer aus irgendeinem Bereich, welcher zum Variet\u00e9 passt? Clownerie, Jonglage, Akrobatik, Trapez, Seiltanz, Artistik, Zauberei, Musik, Gesang, Tanz, Kabarett, Witze erz\u00e4hlen, fast alles ist m\u00f6glich. Meldet euch bei Ralf dem Gaukler unter 02732\/791671 oder\u00a0\u00a0oder schreibt eine email an\u00a0<a href=\"mailto:ralf@dergaukler.de\">ralf@dergaukler.de<\/a>.<\/p>\n","protected":false},"excerpt":{"rendered":"<p>Am Sonntag, den 18.01.2009\u00a0 um 15:00 Uhr im L\u00ffz in Siegen ist es wieder soweit! Das gaukelSpektakel zeigt seine zweite Show. Hierzu k\u00f6nnen sich Kinder und Jugendliche im Alter von 6 \u2013 16 Jahren anmelden, um dort Ihre Nummern zu pr\u00e4sentieren! Voraussetzung ist jedoch, Ihr habt eine eigene Nummer. Diese solltet Ihr Ralf dem Gaukler [&hellip;]<\/p>\n","protected":false},"author":1,"featured_media":0,"comment_status":"open","ping_status":"open","sticky":false,"template":"","format":"standard","meta":[],"categories":[3],"tags":[],"_links":{"self":[{"href":"http:\/\/www.dergaukler.de\/wordpress\/index.php?rest_route=\/wp\/v2\/posts\/16"}],"collection":[{"href":"http:\/\/www.dergaukler.de\/wordpress\/index.php?rest_route=\/wp\/v2\/posts"}],"about":[{"href":"http:\/\/www.dergaukler.de\/wordpress\/index.php?rest_route=\/wp\/v2\/types\/post"}],"author":[{"embeddable":true,"href":"http:\/\/www.dergaukler.de\/wordpress\/index.php?rest_route=\/wp\/v2\/users\/1"}],"replies":[{"embeddable":true,"href":"http:\/\/www.dergaukler.de\/wordpress\/index.php?rest_route=%2Fwp%2Fv2%2Fcomments&post=16"}],"version-history":[{"count":3,"href":"http:\/\/www.dergaukler.de\/wordpress\/index.php?rest_route=\/wp\/v2\/posts\/16\/revisions"}],"predecessor-version":[{"id":20,"href":"http:\/\/www.dergaukler.de\/wordpress\/index.php?rest_route=\/wp\/v2\/posts\/16\/revisions\/20"}],"wp:attachment":[{"href":"http:\/\/www.dergaukler.de\/wordpress\/index.php?rest_route=%2Fwp%2Fv2%2Fmedia&parent=16"}],"wp:term":[{"taxonomy":"category","embeddable":true,"href":"http:\/\/www.dergaukler.de\/wordpress\/index.php?rest_route=%2Fwp%2Fv2%2Fcategories&post=16"},{"taxonomy":"post_tag","embeddable":true,"href":"http:\/\/www.dergaukler.de\/wordpress\/index.php?rest_route=%2Fwp%2Fv2%2Ftags&post=16"}],"curies":[{"name":"wp","href":"https:\/\/api.w.org\/{rel}","templated":true}]}}